{"id":1000,"date":"2022-05-19T12:24:11","date_gmt":"2022-05-19T10:24:11","guid":{"rendered":"http:\/\/euphemia-verlag.de\/website\/?p=1000"},"modified":"2022-06-12T15:48:35","modified_gmt":"2022-06-12T13:48:35","slug":"neu-bezaubernde-blueten-und-kraeuterpressen","status":"publish","type":"post","link":"https:\/\/euphemia-verlag.de\/website\/?p=1000","title":{"rendered":"NEU! Bezaubernde Bl\u00fcten- und Kr\u00e4uterpressen"},"content":{"rendered":"<p>Wer hat nicht schon in seiner Kindheit Bl\u00fcten und Bl\u00e4tter zwischen dicken B\u00fcchern gepresst und nach Jahrzehnten beim Aufr\u00e4umen oder Durchbl\u00e4ttern der B\u00fccher die eine oder andere Bl\u00fcte wiedergefunden? Eine Bl\u00fctenpresse ist da viel praktischer und dazu noch sehr dekorativ.<\/p>\n<p>So entstanden von unserer Illustratorin und Layouterin Josephine Landrock in Handarbeit gefertigte, wundersch\u00f6ne Bl\u00fcten- und Kr\u00e4uterpressen.<\/p>\n<p>Nehmt den 2. Band &#8222;Aufregung vor der Regenbogenbr\u00fccke&#8220; in die Hand und los geht es! Auf der Wiese, im Garten oder im Wald findet ihr alle im Buch beschriebenen Pflanzen.<\/p>\n<p>Viel Spa\u00df beim Pressen!<\/p>\n<p><a href=\"https:\/\/euphemia-verlag.de\/website\/wp-content\/uploads\/2022\/06\/Bl\u00fctenpresse2-scaliert_Gr\u00f6\u00dfe-ge\u00e4ndert.jpg\"><img loading=\"lazy\" decoding=\"async\" class=\"alignnone size-large wp-image-1003\" src=\"https:\/\/euphemia-verlag.de\/website\/wp-content\/uploads\/2022\/06\/Bl\u00fctenpresse2-scaliert_Gr\u00f6\u00dfe-ge\u00e4ndert-1024x734.jpg\" alt=\"\" width=\"1024\" height=\"734\" srcset=\"https:\/\/euphemia-verlag.de\/website\/wp-content\/uploads\/2022\/06\/Bl\u00fctenpresse2-scaliert_Gr\u00f6\u00dfe-ge\u00e4ndert-1024x734.jpg 1024w, https:\/\/euphemia-verlag.de\/website\/wp-content\/uploads\/2022\/06\/Bl\u00fctenpresse2-scaliert_Gr\u00f6\u00dfe-ge\u00e4ndert-300x215.jpg 300w, https:\/\/euphemia-verlag.de\/website\/wp-content\/uploads\/2022\/06\/Bl\u00fctenpresse2-scaliert_Gr\u00f6\u00dfe-ge\u00e4ndert-768x551.jpg 768w, https:\/\/euphemia-verlag.de\/website\/wp-content\/uploads\/2022\/06\/Bl\u00fctenpresse2-scaliert_Gr\u00f6\u00dfe-ge\u00e4ndert-1536x1101.jpg 1536w, https:\/\/euphemia-verlag.de\/website\/wp-content\/uploads\/2022\/06\/Bl\u00fctenpresse2-scaliert_Gr\u00f6\u00dfe-ge\u00e4ndert-1120x803.jpg 1120w, https:\/\/euphemia-verlag.de\/website\/wp-content\/uploads\/2022\/06\/Bl\u00fctenpresse2-scaliert_Gr\u00f6\u00dfe-ge\u00e4ndert-1440x1032.jpg 1440w, https:\/\/euphemia-verlag.de\/website\/wp-content\/uploads\/2022\/06\/Bl\u00fctenpresse2-scaliert_Gr\u00f6\u00dfe-ge\u00e4ndert-600x430.jpg 600w, https:\/\/euphemia-verlag.de\/website\/wp-content\/uploads\/2022\/06\/Bl\u00fctenpresse2-scaliert_Gr\u00f6\u00dfe-ge\u00e4ndert.jpg 1710w\" sizes=\"auto, (max-width: 1024px) 100vw, 1024px\" \/><\/a><\/p>\n","protected":false},"excerpt":{"rendered":"<p>Wer hat nicht schon in seiner Kindheit Bl\u00fcten und Bl\u00e4tter zwischen dicken B\u00fcchern gepresst und nach Jahrzehnten beim Aufr\u00e4umen oder Durchbl\u00e4ttern der B\u00fccher die eine&#8230;<\/p>\n","protected":false},"author":1,"featured_media":0,"comment_status":"open","ping_status":"open","sticky":false,"template":"","format":"standard","meta":{"footnotes":""},"categories":[2],"tags":[],"class_list":{"0":"post-1000","1":"post","2":"type-post","3":"status-publish","4":"format-standard","6":"category-neuigkeiten"},"_links":{"self":[{"href":"https:\/\/euphemia-verlag.de\/website\/index.php?rest_route=\/wp\/v2\/posts\/1000","targetHints":{"allow":["GET"]}}],"collection":[{"href":"https:\/\/euphemia-verlag.de\/website\/index.php?rest_route=\/wp\/v2\/posts"}],"about":[{"href":"https:\/\/euphemia-verlag.de\/website\/index.php?rest_route=\/wp\/v2\/types\/post"}],"author":[{"embeddable":true,"href":"https:\/\/euphemia-verlag.de\/website\/index.php?rest_route=\/wp\/v2\/users\/1"}],"replies":[{"embeddable":true,"href":"https:\/\/euphemia-verlag.de\/website\/index.php?rest_route=%2Fwp%2Fv2%2Fcomments&post=1000"}],"version-history":[{"count":5,"href":"https:\/\/euphemia-verlag.de\/website\/index.php?rest_route=\/wp\/v2\/posts\/1000\/revisions"}],"predecessor-version":[{"id":1010,"href":"https:\/\/euphemia-verlag.de\/website\/index.php?rest_route=\/wp\/v2\/posts\/1000\/revisions\/1010"}],"wp:attachment":[{"href":"https:\/\/euphemia-verlag.de\/website\/index.php?rest_route=%2Fwp%2Fv2%2Fmedia&parent=1000"}],"wp:term":[{"taxonomy":"category","embeddable":true,"href":"https:\/\/euphemia-verlag.de\/website\/index.php?rest_route=%2Fwp%2Fv2%2Fcategories&post=1000"},{"taxonomy":"post_tag","embeddable":true,"href":"https:\/\/euphemia-verlag.de\/website\/index.php?rest_route=%2Fwp%2Fv2%2Ftags&post=1000"}],"curies":[{"name":"wp","href":"https:\/\/api.w.org\/{rel}","templated":true}]}}