{"id":242,"date":"2016-06-08T18:25:22","date_gmt":"2016-06-08T16:25:22","guid":{"rendered":"http:\/\/euphemia-verlag.de\/website\/?p=242"},"modified":"2020-04-18T23:32:55","modified_gmt":"2020-04-18T21:32:55","slug":"mitteldeutsche-buchmesse-am-4-und-5-juni-2016-in-poessneck","status":"publish","type":"post","link":"https:\/\/euphemia-verlag.de\/website\/?p=242","title":{"rendered":"Wir sind dabei! Mitteldeutsche Buchmesse am 04. und 05.06.2016 in P\u00f6\u00dfneck"},"content":{"rendered":"<p>Zwei erfolgreiche und interessante Messetage im Herzen von Th\u00fcringen. Und nat\u00fcrlich viele herzliche Begegnungen, spannende Gespr\u00e4che und wundervolle Menschen mit gro\u00dfen Visionen!<\/p>\n<p><a href=\"https:\/\/euphemia-verlag.de\/website\/wp-content\/uploads\/2016\/06\/mdb-1.jpg\"><img loading=\"lazy\" decoding=\"async\" class=\"alignleft size-full wp-image-606\" src=\"https:\/\/euphemia-verlag.de\/website\/wp-content\/uploads\/2016\/06\/mdb-1.jpg\" alt=\"\" width=\"1024\" height=\"680\" srcset=\"https:\/\/euphemia-verlag.de\/website\/wp-content\/uploads\/2016\/06\/mdb-1.jpg 1024w, https:\/\/euphemia-verlag.de\/website\/wp-content\/uploads\/2016\/06\/mdb-1-300x199.jpg 300w, https:\/\/euphemia-verlag.de\/website\/wp-content\/uploads\/2016\/06\/mdb-1-768x510.jpg 768w, https:\/\/euphemia-verlag.de\/website\/wp-content\/uploads\/2016\/06\/mdb-1-600x398.jpg 600w\" sizes=\"auto, (max-width: 1024px) 100vw, 1024px\" \/><\/a><\/p>\n<p><span style=\"font-size: inherit;\">Bis zur n\u00e4chsten Buchmesse !<\/span><\/p>\n<p>&nbsp;<\/p>\n<p>&nbsp;<\/p>\n<p>&nbsp;<\/p>\n","protected":false},"excerpt":{"rendered":"<p>Zwei erfolgreiche und interessante Messetage im Herzen von Th\u00fcringen. Und nat\u00fcrlich viele herzliche Begegnungen, spannende Gespr\u00e4che und wundervolle Menschen mit gro\u00dfen Visionen! Bis zur n\u00e4chsten&#8230;<\/p>\n","protected":false},"author":1,"featured_media":611,"comment_status":"open","ping_status":"open","sticky":false,"template":"","format":"standard","meta":{"footnotes":""},"categories":[1],"tags":[],"class_list":{"0":"post-242","1":"post","2":"type-post","3":"status-publish","4":"format-standard","5":"has-post-thumbnail","7":"category-allgemein"},"_links":{"self":[{"href":"https:\/\/euphemia-verlag.de\/website\/index.php?rest_route=\/wp\/v2\/posts\/242","targetHints":{"allow":["GET"]}}],"collection":[{"href":"https:\/\/euphemia-verlag.de\/website\/index.php?rest_route=\/wp\/v2\/posts"}],"about":[{"href":"https:\/\/euphemia-verlag.de\/website\/index.php?rest_route=\/wp\/v2\/types\/post"}],"author":[{"embeddable":true,"href":"https:\/\/euphemia-verlag.de\/website\/index.php?rest_route=\/wp\/v2\/users\/1"}],"replies":[{"embeddable":true,"href":"https:\/\/euphemia-verlag.de\/website\/index.php?rest_route=%2Fwp%2Fv2%2Fcomments&post=242"}],"version-history":[{"count":6,"href":"https:\/\/euphemia-verlag.de\/website\/index.php?rest_route=\/wp\/v2\/posts\/242\/revisions"}],"predecessor-version":[{"id":608,"href":"https:\/\/euphemia-verlag.de\/website\/index.php?rest_route=\/wp\/v2\/posts\/242\/revisions\/608"}],"wp:featuredmedia":[{"embeddable":true,"href":"https:\/\/euphemia-verlag.de\/website\/index.php?rest_route=\/wp\/v2\/media\/611"}],"wp:attachment":[{"href":"https:\/\/euphemia-verlag.de\/website\/index.php?rest_route=%2Fwp%2Fv2%2Fmedia&parent=242"}],"wp:term":[{"taxonomy":"category","embeddable":true,"href":"https:\/\/euphemia-verlag.de\/website\/index.php?rest_route=%2Fwp%2Fv2%2Fcategories&post=242"},{"taxonomy":"post_tag","embeddable":true,"href":"https:\/\/euphemia-verlag.de\/website\/index.php?rest_route=%2Fwp%2Fv2%2Ftags&post=242"}],"curies":[{"name":"wp","href":"https:\/\/api.w.org\/{rel}","templated":true}]}}