{"id":305,"date":"2017-03-24T22:34:14","date_gmt":"2017-03-24T20:34:14","guid":{"rendered":"http:\/\/euphemia-verlag.de\/website\/?p=305"},"modified":"2020-04-21T22:08:04","modified_gmt":"2020-04-21T20:08:04","slug":"leipziger-buchmesse-2017","status":"publish","type":"post","link":"https:\/\/euphemia-verlag.de\/website\/?p=305","title":{"rendered":"Wir sind dabei! Leipziger Buchmesse 2017"},"content":{"rendered":"<p>Am 23.03.2017 startet die diesj\u00e4hrige Leipziger Buchmesse. Wir freuen uns, dass wir wieder dabei sein k\u00f6nnen &#8211; beim gr\u00f6\u00dften Lesefest Europas!<\/p>\n<p>Im Gep\u00e4ck haben wir ein lustiges, aber auch nachdenkliches Kinderbuch: &#8222;Balduin &#8211; Der dicke Hase&#8220;<\/p>\n<p><strong>Wir sind wieder in Halle 5 auf dem Autorengemeinschaftsstand zu finden, D 322!<\/strong><\/p>\n<p>Autogrammstunde:<\/p>\n<p><strong>23.03.2017 und 24.03.2017<\/strong> von 14.00 Uhr &#8211; 15.00 Uhr mit Martin G. Reisenberg\u00a0 \u00a0 \u00a0 \u00a0 \u00a0 \u00a0 \u00a0 \u00a0 \u00a0 \u00a0 \u00a0 \u00a0 \u00a0 \u00a0 \u00a0 \u00a0 \u00a0 \u00a0 \u00a0 \u00a0 \u00a0 \u00a0 \u00a0 \u00a0 <strong>25.03.2017 und 26.03.2017<\/strong> von 13.00 Uhr &#8211; 14.00 Uhr mit Katrin Handel<\/p>\n<p>Wir freuen uns auf euren Besuch!<\/p>\n<p>&nbsp;<\/p>\n","protected":false},"excerpt":{"rendered":"<p>Am 23.03.2017 startet die diesj\u00e4hrige Leipziger Buchmesse. Wir freuen uns, dass wir wieder dabei sein k\u00f6nnen &#8211; beim gr\u00f6\u00dften Lesefest Europas! Im Gep\u00e4ck haben wir&#8230;<\/p>\n","protected":false},"author":1,"featured_media":642,"comment_status":"open","ping_status":"open","sticky":false,"template":"","format":"standard","meta":{"footnotes":""},"categories":[1],"tags":[],"class_list":{"0":"post-305","1":"post","2":"type-post","3":"status-publish","4":"format-standard","5":"has-post-thumbnail","7":"category-allgemein"},"_links":{"self":[{"href":"https:\/\/euphemia-verlag.de\/website\/index.php?rest_route=\/wp\/v2\/posts\/305","targetHints":{"allow":["GET"]}}],"collection":[{"href":"https:\/\/euphemia-verlag.de\/website\/index.php?rest_route=\/wp\/v2\/posts"}],"about":[{"href":"https:\/\/euphemia-verlag.de\/website\/index.php?rest_route=\/wp\/v2\/types\/post"}],"author":[{"embeddable":true,"href":"https:\/\/euphemia-verlag.de\/website\/index.php?rest_route=\/wp\/v2\/users\/1"}],"replies":[{"embeddable":true,"href":"https:\/\/euphemia-verlag.de\/website\/index.php?rest_route=%2Fwp%2Fv2%2Fcomments&post=305"}],"version-history":[{"count":10,"href":"https:\/\/euphemia-verlag.de\/website\/index.php?rest_route=\/wp\/v2\/posts\/305\/revisions"}],"predecessor-version":[{"id":750,"href":"https:\/\/euphemia-verlag.de\/website\/index.php?rest_route=\/wp\/v2\/posts\/305\/revisions\/750"}],"wp:featuredmedia":[{"embeddable":true,"href":"https:\/\/euphemia-verlag.de\/website\/index.php?rest_route=\/wp\/v2\/media\/642"}],"wp:attachment":[{"href":"https:\/\/euphemia-verlag.de\/website\/index.php?rest_route=%2Fwp%2Fv2%2Fmedia&parent=305"}],"wp:term":[{"taxonomy":"category","embeddable":true,"href":"https:\/\/euphemia-verlag.de\/website\/index.php?rest_route=%2Fwp%2Fv2%2Fcategories&post=305"},{"taxonomy":"post_tag","embeddable":true,"href":"https:\/\/euphemia-verlag.de\/website\/index.php?rest_route=%2Fwp%2Fv2%2Ftags&post=305"}],"curies":[{"name":"wp","href":"https:\/\/api.w.org\/{rel}","templated":true}]}}