{"id":368,"date":"2018-03-08T21:47:05","date_gmt":"2018-03-08T19:47:05","guid":{"rendered":"http:\/\/euphemia-verlag.de\/website\/?p=368"},"modified":"2020-04-28T01:15:12","modified_gmt":"2020-04-27T23:15:12","slug":"2-band-der-regenbogen-reihe-aufregung-vor-der-regenbogenbruecke","status":"publish","type":"post","link":"https:\/\/euphemia-verlag.de\/website\/?p=368","title":{"rendered":"&#8222;Aufregung vor der Regenbogenbr\u00fccke&#8220;"},"content":{"rendered":"<p><strong>Es ist soweit! Der 2. Band der Regenbogen-Reihe &#8222;Aufregung vor der Regenbogenbr\u00fccke&#8220; ist erschienen.<\/strong><\/p>\n<blockquote><p>Eigentlich wollten Blaumeise und Reh gemeinsam zum Treffpunkt ihrer Freunde vor der Regenbogenbr\u00fccke kommen. Aber nun liegt das Reh verletzt in der Mooskuhle. Aufgeregt flattert die Blaumeise zur Regenbogenbr\u00fccke, um Hilfe zu holen. Maus, Schmetterling, Eichh\u00f6rnchen und Kaninchen sind erschrocken, aber wie immer wei\u00df die kluge Eule Rat. Sie kennt das richtige Heilkraut. Doch als sie in ihrer Hausapotheke nachschaut, ist es verschwunden! Gelingt es den Tieren, den Kr\u00e4uterdieb zu finden und dem Reh in seiner Not zu helfen?<\/p><\/blockquote>\n<p>Eine spannende Geschichte \u00fcber Freundschaft &#8211; mit viel Wissenswertem \u00fcber Heilkr\u00e4uter.<\/p>\n<p>Nach einer \u201ckleinen Herausforderung\u201d im letzten Jahr ist nun der neue Druck vom 2. Band der Regenbogenbr\u00fccke erh\u00e4ltlich. Mit neuem Cover! (1. Bild neu, 2. Bild alt)<\/p>\n<p><a href=\"https:\/\/euphemia-verlag.de\/website\/wp-content\/uploads\/2018\/03\/Cover-Buchhandela.jpg\"><img loading=\"lazy\" decoding=\"async\" class=\"wp-image-732 alignleft\" src=\"https:\/\/euphemia-verlag.de\/website\/wp-content\/uploads\/2018\/03\/Cover-Buchhandela-700x1024.jpg\" alt=\"\" width=\"310\" height=\"454\" srcset=\"https:\/\/euphemia-verlag.de\/website\/wp-content\/uploads\/2018\/03\/Cover-Buchhandela-700x1024.jpg 700w, https:\/\/euphemia-verlag.de\/website\/wp-content\/uploads\/2018\/03\/Cover-Buchhandela-205x300.jpg 205w, https:\/\/euphemia-verlag.de\/website\/wp-content\/uploads\/2018\/03\/Cover-Buchhandela-768x1123.jpg 768w, https:\/\/euphemia-verlag.de\/website\/wp-content\/uploads\/2018\/03\/Cover-Buchhandela-300x439.jpg 300w, https:\/\/euphemia-verlag.de\/website\/wp-content\/uploads\/2018\/03\/Cover-Buchhandela-600x877.jpg 600w, https:\/\/euphemia-verlag.de\/website\/wp-content\/uploads\/2018\/03\/Cover-Buchhandela.jpg 820w\" sizes=\"auto, (max-width: 310px) 100vw, 310px\" \/><\/a> <a href=\"https:\/\/euphemia-verlag.de\/website\/wp-content\/uploads\/2018\/03\/Cover_Aufregung-vor-der-Regenbogenbr\u00fccke-rgb.jpg\"><img loading=\"lazy\" decoding=\"async\" class=\"alignleft wp-image-733\" src=\"https:\/\/euphemia-verlag.de\/website\/wp-content\/uploads\/2018\/03\/Cover_Aufregung-vor-der-Regenbogenbr\u00fccke-rgb-700x1024.jpg\" alt=\"\" width=\"310\" height=\"454\" srcset=\"https:\/\/euphemia-verlag.de\/website\/wp-content\/uploads\/2018\/03\/Cover_Aufregung-vor-der-Regenbogenbr\u00fccke-rgb-700x1024.jpg 700w, https:\/\/euphemia-verlag.de\/website\/wp-content\/uploads\/2018\/03\/Cover_Aufregung-vor-der-Regenbogenbr\u00fccke-rgb-205x300.jpg 205w, https:\/\/euphemia-verlag.de\/website\/wp-content\/uploads\/2018\/03\/Cover_Aufregung-vor-der-Regenbogenbr\u00fccke-rgb-768x1123.jpg 768w, https:\/\/euphemia-verlag.de\/website\/wp-content\/uploads\/2018\/03\/Cover_Aufregung-vor-der-Regenbogenbr\u00fccke-rgb-300x439.jpg 300w, https:\/\/euphemia-verlag.de\/website\/wp-content\/uploads\/2018\/03\/Cover_Aufregung-vor-der-Regenbogenbr\u00fccke-rgb-600x877.jpg 600w, https:\/\/euphemia-verlag.de\/website\/wp-content\/uploads\/2018\/03\/Cover_Aufregung-vor-der-Regenbogenbr\u00fccke-rgb.jpg 820w\" sizes=\"auto, (max-width: 310px) 100vw, 310px\" \/><\/a><\/p>\n<p>&nbsp;<\/p>\n<p>&nbsp;<\/p>\n<p>&nbsp;<\/p>\n<p>&nbsp;<\/p>\n<p>&nbsp;<\/p>\n<p>&nbsp;<\/p>\n<p>&nbsp;<\/p>\n<p>&nbsp;<\/p>\n<p>&nbsp;<\/p>\n<p>&nbsp;<\/p>\n<p><a href=\"https:\/\/euphemia-verlag.de\/website\/?product=aufregung-vor-der-regenbogenbruecke\"><img loading=\"lazy\" decoding=\"async\" class=\"alignleft wp-image-840\" src=\"https:\/\/euphemia-verlag.de\/website\/wp-content\/uploads\/2020\/04\/images2.png\" alt=\"\" width=\"90\" height=\"46\" srcset=\"https:\/\/euphemia-verlag.de\/website\/wp-content\/uploads\/2020\/04\/images2.png 315w, https:\/\/euphemia-verlag.de\/website\/wp-content\/uploads\/2020\/04\/images2-300x152.png 300w\" sizes=\"auto, (max-width: 90px) 100vw, 90px\" \/><\/a> <a href=\"https:\/\/www.amazon.de\/Aufregung-vor-Regenbogenbr%C3%BCcke-vielen-Kr%C3%A4utergeheimnissen\/dp\/3981694864\"><img loading=\"lazy\" decoding=\"async\" class=\"alignleft wp-image-841\" src=\"https:\/\/euphemia-verlag.de\/website\/wp-content\/uploads\/2020\/04\/images.png\" alt=\"\" width=\"90\" height=\"46\" srcset=\"https:\/\/euphemia-verlag.de\/website\/wp-content\/uploads\/2020\/04\/images.png 315w, https:\/\/euphemia-verlag.de\/website\/wp-content\/uploads\/2020\/04\/images-300x152.png 300w\" sizes=\"auto, (max-width: 90px) 100vw, 90px\" \/><\/a><\/p>\n<p>&nbsp;<\/p>\n","protected":false},"excerpt":{"rendered":"<p>Es ist soweit! Der 2. Band der Regenbogen-Reihe &#8222;Aufregung vor der Regenbogenbr\u00fccke&#8220; ist erschienen. Eigentlich wollten Blaumeise und Reh gemeinsam zum Treffpunkt ihrer Freunde vor&#8230;<\/p>\n","protected":false},"author":1,"featured_media":728,"comment_status":"open","ping_status":"open","sticky":false,"template":"","format":"standard","meta":{"footnotes":""},"categories":[57],"tags":[],"class_list":{"0":"post-368","1":"post","2":"type-post","3":"status-publish","4":"format-standard","5":"has-post-thumbnail","7":"category-produkte"},"_links":{"self":[{"href":"https:\/\/euphemia-verlag.de\/website\/index.php?rest_route=\/wp\/v2\/posts\/368","targetHints":{"allow":["GET"]}}],"collection":[{"href":"https:\/\/euphemia-verlag.de\/website\/index.php?rest_route=\/wp\/v2\/posts"}],"about":[{"href":"https:\/\/euphemia-verlag.de\/website\/index.php?rest_route=\/wp\/v2\/types\/post"}],"author":[{"embeddable":true,"href":"https:\/\/euphemia-verlag.de\/website\/index.php?rest_route=\/wp\/v2\/users\/1"}],"replies":[{"embeddable":true,"href":"https:\/\/euphemia-verlag.de\/website\/index.php?rest_route=%2Fwp%2Fv2%2Fcomments&post=368"}],"version-history":[{"count":17,"href":"https:\/\/euphemia-verlag.de\/website\/index.php?rest_route=\/wp\/v2\/posts\/368\/revisions"}],"predecessor-version":[{"id":922,"href":"https:\/\/euphemia-verlag.de\/website\/index.php?rest_route=\/wp\/v2\/posts\/368\/revisions\/922"}],"wp:featuredmedia":[{"embeddable":true,"href":"https:\/\/euphemia-verlag.de\/website\/index.php?rest_route=\/wp\/v2\/media\/728"}],"wp:attachment":[{"href":"https:\/\/euphemia-verlag.de\/website\/index.php?rest_route=%2Fwp%2Fv2%2Fmedia&parent=368"}],"wp:term":[{"taxonomy":"category","embeddable":true,"href":"https:\/\/euphemia-verlag.de\/website\/index.php?rest_route=%2Fwp%2Fv2%2Fcategories&post=368"},{"taxonomy":"post_tag","embeddable":true,"href":"https:\/\/euphemia-verlag.de\/website\/index.php?rest_route=%2Fwp%2Fv2%2Ftags&post=368"}],"curies":[{"name":"wp","href":"https:\/\/api.w.org\/{rel}","templated":true}]}}