{"id":930,"date":"2020-05-04T20:51:39","date_gmt":"2020-05-04T18:51:39","guid":{"rendered":"http:\/\/euphemia-verlag.de\/website\/?p=930"},"modified":"2020-05-09T21:09:32","modified_gmt":"2020-05-09T19:09:32","slug":"cesaro-sucht-den-verlorenen-traum-neuer-artikel-in-fraenkischer-tag","status":"publish","type":"post","link":"https:\/\/euphemia-verlag.de\/website\/?p=930","title":{"rendered":"Cesaro sucht den &#8222;verlorenen Traum&#8220;, neuer Artikel in &#8222;Fr\u00e4nkischer Tag&#8220;"},"content":{"rendered":"<div class=\"inner\">\n<div class=\"clearfix\">\n<div class=\"post-location\">KRONACH<\/div>\n<\/div>\n<div>Artikel von: <span class=\"post-author-name\" data-fcms-module=\"Author\" data-fcms-topic=\"109\" data-fcms-name=\"Heike Sch\u00fclein\"><a href=\"https:\/\/amp.infranken.de\/autoren\/heike-schuelein\/\">Heike Sch\u00fclein, <\/a><br \/>\n<\/span>Ver\u00f6ffentlicht von:\u00a0<span class=\"post-author-name\" data-ausgabe=\"ft\">Fr\u00e4nkischer Tag<\/span><\/div>\n<\/div>\n<div><\/div>\n<div><\/div>\n<div><\/div>\n<div class=\"inner\">\n<h6><\/h6>\n<h6 class=\"post-headline\">Cesaro sucht den &#8222;verlorenen Traum&#8220;<\/h6>\n<div class=\"post-description\">&#8222;Der Kronacher Schriftsteller Ingo Cesaro ver\u00f6ffentlichte sein drittes Kinderbuch &#8222;Der verlorene Traum&#8220;. Seine Mutmach-Geschichte \u00fcber die Macht der Tr\u00e4ume richtet sich an vier- bis achtj\u00e4hrige Kinder wie auch an Erwachsene.<\/div>\n<\/div>\n<div class=\"inner inner-autor\">\n<div class=\"author_mobile_v2 post-extras hidden-md hidden-lg scroll-x\">\n<div class=\"scroll-x-inner\">\n<div class=\"post-authors\"><\/div>\n<\/div>\n<\/div>\n<\/div>\n<div><span style=\"font-size: inherit;\">Eines Nachts hat Dominik einen wundersch\u00f6nen Traum. Ausgerechnet jetzt klingelt der altmodische Wecker im Schlafzimmer seiner Eltern unversch\u00e4mt laut. Vor Schreck wacht der Junge auf. Er gr\u00e4bt in seinem Ged\u00e4chtnis, doch der Traum ist und bleibt verschwunden. Sehns\u00fcchtig begibt er sich schlie\u00dflich auf die Suche nach seinem verlorenen Traum. Kann er ihn wiederfinden?<\/span><\/div>\n<div class=\"inner inner-autor\">\n<div class=\"author_mobile_v2 post-extras hidden-md hidden-lg scroll-x\">\n<blockquote><p>Ich habe mir \u00fcberlegt, wie ein Kind an diese Sache herangehen und was es unternehmen w\u00fcrde, um seinen verlorenen Traum wiederzufinden&#8220;, sagt Ingo Cesaro. Weit \u00fcber 200 Einzelver\u00f6ffentlichungen hat der freie Schriftsteller\u00a0schon get\u00e4tigt. Sein drittes\u00a0Kinderbuch\u00a0&#8222;Der verlorene Traum&#8220; wendet sich an Jungen und M\u00e4dchen im Kindergartenalter beziehungsweise in der Grundschule oder auch an &#8222;Erwachsene&#8220; mit gro\u00dfen Tr\u00e4umen.<\/p><\/blockquote>\n<p>Der siebenj\u00e4hrige Dominik unternimmt darin alle m\u00f6glichen Versuche, um seine verlorene Traumgeschichte wiederzufinden. Suchen l\u00e4sst ihn Cesaro unter anderem bei einem Traumdeuter, im Fundb\u00fcro &#8211; schlie\u00dflich k\u00f6nnte ihn ein Finder dort abgegeben haben &#8211; und bei einem Traumf\u00e4nger im Zirkus, der vor der Stadt seine Zelte aufgeschlagen hat. Vielleicht kann auch ein auf Traumsuche spezialisierter Meisterdetektiv helfen oder die\u00a0Polizei, wie ihm einige Klassenkameraden raten? Bei seiner Suche erlebt Dominik viele Entt\u00e4uschungen; trotzdem sch\u00f6pft er immer wieder neuen\u00a0Mut\u00a0und versucht es immer wieder aufs Neue.<\/p>\n<h6 class=\"artZwischenzeile\">Junge Leser begeistern<\/h6>\n<p>Wichtig ist es dem Autor, bei seinen Geschichten gerade auch f\u00fcr die j\u00fcngsten\u00a0Leser\u00a0weg vom gemeinen Kinderbuch zu kommen. &#8222;Ich schreibe beispielsweise niemals linear; auch nicht bei meinen &#8222;Kuh Marie-Geschichten&#8220;, betont der Schriftsteller, der mit seinem leichten und lockeren Schreibstil sein j\u00fcngeres Publikum behutsam an ein literarisches Niveau heranf\u00fchren, sie zum Nachdenken und dar\u00fcber Sprechen anregen m\u00f6chte. Von seinem\u00a0Buch\u00a0&#8222;Der verlorene Traum&#8220; geht dann auch &#8211; die hinrei\u00dfenden\u00a0Illustrationen\u00a0eingeschlossen &#8211; im Gegensatz zum heute \u00fcberwiegend angebotenen\u00a0Lesestoff\u00a0ein fast schon &#8211; im besten Sinne &#8211; &#8222;altmodischer&#8220; Charme aus.<\/p>\n<h6 class=\"artZwischenzeile\">Gelungene Illustration<\/h6>\n<p>Erschienen ist das Buch &#8222;Der verlorene Traum&#8220; beim Euphemia-Verlag. Farbenpr\u00e4chtig illustriert wurde dieser von Susanne Ledendecker, die mit diesem\u00a0Verlag\u00a0aus Bad Nauheim zusammenarbeitet. Die\u00a0Illustratorin\u00a0setzt dabei auf intensive, atmosph\u00e4risch dichte Bilder, wobei schon allein das Cover ein Hingucker ist.<\/p>\n<p>Die zauberhafte Mutmach-Geschichte \u00fcber die Bedeutung von Tr\u00e4umen, die sich sowohl inhaltlich als auch optisch deutlich vom \u00fcberwiegenden Lesestoff unserer Tage abhebt, ist dabei in der Tat keineswegs &#8222;nur&#8220; ein \u00e4u\u00dferst gelungenes Buch f\u00fcr Kinder. &#8222;Der verlorene Traum&#8220; richtet sich an alle, die hin und wieder selbst Tr\u00e4umer sind und sich \u00fcber kleine Wunder im Alltag freuen k\u00f6nnen: Ein kunstvolles poetisches Buch, das die Tr\u00e4ume feiert und die Fantasie &#8211; herzerw\u00e4rmend, farbenfroh, wundersch\u00f6n.&#8220;<\/p>\n<p><a href=\"https:\/\/amp.infranken.de\/regional\/artikel_fuer_gemeinden\/cesaro-sucht-den-verlorenen-traum;art154303,4999400\" target=\"_blank\" rel=\"noopener noreferrer\">https:\/\/amp.infranken.de\/regional\/artikel_fuer_gemeinden\/cesaro-sucht-den-verlorenen-traum;art154303,4999400<\/a><\/p>\n<\/div>\n<\/div>\n","protected":false},"excerpt":{"rendered":"<p>KRONACH Artikel von: Heike Sch\u00fclein, Ver\u00f6ffentlicht von:\u00a0Fr\u00e4nkischer Tag Cesaro sucht den &#8222;verlorenen Traum&#8220; &#8222;Der Kronacher Schriftsteller Ingo Cesaro ver\u00f6ffentlichte sein drittes Kinderbuch &#8222;Der verlorene Traum&#8220;&#8230;.<\/p>\n","protected":false},"author":1,"featured_media":931,"comment_status":"open","ping_status":"open","sticky":false,"template":"","format":"standard","meta":{"footnotes":""},"categories":[1],"tags":[],"class_list":{"0":"post-930","1":"post","2":"type-post","3":"status-publish","4":"format-standard","5":"has-post-thumbnail","7":"category-allgemein"},"_links":{"self":[{"href":"https:\/\/euphemia-verlag.de\/website\/index.php?rest_route=\/wp\/v2\/posts\/930","targetHints":{"allow":["GET"]}}],"collection":[{"href":"https:\/\/euphemia-verlag.de\/website\/index.php?rest_route=\/wp\/v2\/posts"}],"about":[{"href":"https:\/\/euphemia-verlag.de\/website\/index.php?rest_route=\/wp\/v2\/types\/post"}],"author":[{"embeddable":true,"href":"https:\/\/euphemia-verlag.de\/website\/index.php?rest_route=\/wp\/v2\/users\/1"}],"replies":[{"embeddable":true,"href":"https:\/\/euphemia-verlag.de\/website\/index.php?rest_route=%2Fwp%2Fv2%2Fcomments&post=930"}],"version-history":[{"count":10,"href":"https:\/\/euphemia-verlag.de\/website\/index.php?rest_route=\/wp\/v2\/posts\/930\/revisions"}],"predecessor-version":[{"id":941,"href":"https:\/\/euphemia-verlag.de\/website\/index.php?rest_route=\/wp\/v2\/posts\/930\/revisions\/941"}],"wp:featuredmedia":[{"embeddable":true,"href":"https:\/\/euphemia-verlag.de\/website\/index.php?rest_route=\/wp\/v2\/media\/931"}],"wp:attachment":[{"href":"https:\/\/euphemia-verlag.de\/website\/index.php?rest_route=%2Fwp%2Fv2%2Fmedia&parent=930"}],"wp:term":[{"taxonomy":"category","embeddable":true,"href":"https:\/\/euphemia-verlag.de\/website\/index.php?rest_route=%2Fwp%2Fv2%2Fcategories&post=930"},{"taxonomy":"post_tag","embeddable":true,"href":"https:\/\/euphemia-verlag.de\/website\/index.php?rest_route=%2Fwp%2Fv2%2Ftags&post=930"}],"curies":[{"name":"wp","href":"https:\/\/api.w.org\/{rel}","templated":true}]}}