{"id":951,"date":"2020-11-30T11:20:28","date_gmt":"2020-11-30T09:20:28","guid":{"rendered":"http:\/\/euphemia-verlag.de\/website\/?p=951"},"modified":"2022-05-22T20:42:43","modified_gmt":"2022-05-22T18:42:43","slug":"neuerscheinung-die-farben-der-regenbogenbruecke-das-malbuch","status":"publish","type":"post","link":"https:\/\/euphemia-verlag.de\/website\/?p=951","title":{"rendered":"Neuerscheinung: &#8222;Die Farben der Regenbogenbr\u00fccke&#8220; &#8211; Das Malbuch"},"content":{"rendered":"<p>In diesem Riesenmalbuch findest du die zauberhaften Motive aus dem Buch \u201eDie Farben der Regenbogenbr\u00fccke\u201c.<\/p>\n<p>Der hochwertige Malblock im Format A3 besteht aus 26 Ausmalpostern mit einer extradicken Papierst\u00e4rke, so dass du mit Hilfe von Buntstiften, Filzstiften oder Aquarellfarben wundersch\u00f6ne farbige Bilder gestalten kannst.<\/p>\n<p>Ein stundenlanger Ausmalspa\u00df f\u00fcr Kinder und Erwachsene, die vom Malen und der Natur begeistert sind! Auf vier weiteren Seiten findest du au\u00dferdem viele Ideen zum Herstellen von Pflanzenfarben und leckere Kr\u00e4uterrezepte.<\/p>\n<p>Das Ausmalbuch eignet sich ausgezeichnet als Geschenk. Einfach ein ausgemaltes Poster an der Perforation heraustrennen und einrahmen oder als Platzset laminieren.<\/p>\n<p>Erschienen am 25.11.2020<\/p>\n","protected":false},"excerpt":{"rendered":"<p>In diesem Riesenmalbuch findest du die zauberhaften Motive aus dem Buch \u201eDie Farben der Regenbogenbr\u00fccke\u201c. Der hochwertige Malblock im Format A3 besteht aus 26 Ausmalpostern&#8230;<\/p>\n","protected":false},"author":1,"featured_media":972,"comment_status":"open","ping_status":"open","sticky":false,"template":"","format":"standard","meta":{"footnotes":""},"categories":[1],"tags":[],"class_list":{"0":"post-951","1":"post","2":"type-post","3":"status-publish","4":"format-standard","5":"has-post-thumbnail","7":"category-allgemein"},"_links":{"self":[{"href":"https:\/\/euphemia-verlag.de\/website\/index.php?rest_route=\/wp\/v2\/posts\/951","targetHints":{"allow":["GET"]}}],"collection":[{"href":"https:\/\/euphemia-verlag.de\/website\/index.php?rest_route=\/wp\/v2\/posts"}],"about":[{"href":"https:\/\/euphemia-verlag.de\/website\/index.php?rest_route=\/wp\/v2\/types\/post"}],"author":[{"embeddable":true,"href":"https:\/\/euphemia-verlag.de\/website\/index.php?rest_route=\/wp\/v2\/users\/1"}],"replies":[{"embeddable":true,"href":"https:\/\/euphemia-verlag.de\/website\/index.php?rest_route=%2Fwp%2Fv2%2Fcomments&post=951"}],"version-history":[{"count":6,"href":"https:\/\/euphemia-verlag.de\/website\/index.php?rest_route=\/wp\/v2\/posts\/951\/revisions"}],"predecessor-version":[{"id":979,"href":"https:\/\/euphemia-verlag.de\/website\/index.php?rest_route=\/wp\/v2\/posts\/951\/revisions\/979"}],"wp:featuredmedia":[{"embeddable":true,"href":"https:\/\/euphemia-verlag.de\/website\/index.php?rest_route=\/wp\/v2\/media\/972"}],"wp:attachment":[{"href":"https:\/\/euphemia-verlag.de\/website\/index.php?rest_route=%2Fwp%2Fv2%2Fmedia&parent=951"}],"wp:term":[{"taxonomy":"category","embeddable":true,"href":"https:\/\/euphemia-verlag.de\/website\/index.php?rest_route=%2Fwp%2Fv2%2Fcategories&post=951"},{"taxonomy":"post_tag","embeddable":true,"href":"https:\/\/euphemia-verlag.de\/website\/index.php?rest_route=%2Fwp%2Fv2%2Ftags&post=951"}],"curies":[{"name":"wp","href":"https:\/\/api.w.org\/{rel}","templated":true}]}}